{"id":8922,"date":"2026-09-05T16:34:50","date_gmt":"2026-09-05T16:34:50","guid":{"rendered":"https:\/\/drkozarevcosmedics.com\/?p=8922"},"modified":"2026-09-05T16:38:15","modified_gmt":"2026-09-05T16:38:15","slug":"kako-obnoviti-kozu-nakon-suncanja","status":"publish","type":"post","link":"https:\/\/drkozarevcosmedics.com\/en\/kako-obnoviti-kozu-nakon-suncanja\/","title":{"rendered":"Kako obnoviti ko\u017eu nakon sun\u010danja i letovanja? Saveti dermatologa"},"content":{"rendered":"\t\t<div data-elementor-type=\"wp-post\" data-elementor-id=\"8922\" class=\"elementor elementor-8922\">\n\t\t\t\t<div class=\"elementor-element elementor-element-5e8561e thegem-e-con-layout-elementor e-flex e-con-boxed e-con e-parent\" data-id=\"5e8561e\" data-element_type=\"container\" data-e-type=\"container\" data-settings=\"{&quot;thegem_container_layout&quot;:&quot;elementor&quot;}\">\r\n\t\t\t\t\t<div class=\"e-con-inner\">\r\n\t\t\t\t<div class=\"elementor-element elementor-element-1e58a8a flex-horizontal-align-default flex-horizontal-align-tablet-default flex-horizontal-align-mobile-default flex-vertical-align-default flex-vertical-align-tablet-default flex-vertical-align-mobile-default elementor-widget elementor-widget-text-editor\" data-id=\"1e58a8a\" data-element_type=\"widget\" data-e-type=\"widget\" data-widget_type=\"text-editor.default\">\n\t\t\t\t<div class=\"elementor-widget-container\">\n\t\t\t\t\t\t\t\t\t\t\t\t<div class=\"elementor-text-editor elementor-clearfix\">\r\n\t\t\t\t\t\t<p><span style=\"font-weight: 400;\">Po zavr\u0161etku letovanja mnogi prime\u0107uju da njihova ko\u017ea vi\u0161e nije ista. Postala je grublja, zategnuta, osetljivija, mo\u017eda je \u010dak izgubila sjaj i elasti\u010dnost, a sitne bore i pigmentacije postale su izra\u017eenije nego pre odmora.<\/span><\/p><p><span style=\"font-weight: 400;\">Naj\u010de\u0161\u0107e se smatra da je za to odgovorno isklju\u010divo sunce. Me\u0111utim, promene koje nastaju na ko\u017ei posledica su zajedni\u010dkog dejstva UV zra\u010denja, morske soli, hlora, vetra, \u010de\u0161\u0107eg tu\u0161iranja i boravka u klimatizovanim prostorijama. Svi ovi faktori postepeno naru\u0161avaju prirodnu za\u0161titnu barijeru ko\u017ee i ubrzavaju gubitak vode iz njenog povr\u0161inskog sloja.<\/span><\/p><p><span style=\"font-weight: 400;\">Dobra vest je da se ve\u0107ina ovih promena mo\u017ee ubla\u017eiti pravilnom negom. \u0160to se ranije zapo\u010dne sa obnavljanjem ko\u017ene barijere, ve\u0107a je verovatno\u0107a da \u0107e ko\u017ea brzo povratiti svoju meko\u0107u, elasti\u010dnost i zdrav izgled.<\/span><\/p>\t\t\t\t\t\t\t<\/div>\r\n\t\t\t\t\t\t\t\t\t\t<\/div>\n\t\t\t\t<\/div>\n\t\t\t\t\t<\/div>\n\t\t\t\t<\/div>\n\t\t<div class=\"elementor-element elementor-element-8d6c30e thegem-e-con-layout-elementor e-flex e-con-boxed e-con e-parent\" data-id=\"8d6c30e\" data-element_type=\"container\" data-e-type=\"container\" data-settings=\"{&quot;thegem_container_layout&quot;:&quot;elementor&quot;}\">\r\n\t\t\t\t\t<div class=\"e-con-inner\">\r\n\t\t\t\t<div class=\"elementor-element elementor-element-c095e2a flex-horizontal-align-default flex-horizontal-align-tablet-default flex-horizontal-align-mobile-default flex-vertical-align-default flex-vertical-align-tablet-default flex-vertical-align-mobile-default elementor-widget elementor-widget-heading\" data-id=\"c095e2a\" data-element_type=\"widget\" data-e-type=\"widget\" data-widget_type=\"heading.default\">\n\t\t\t\t<div class=\"elementor-widget-container\">\n\t\t\t\t\t<h2 class=\"elementor-heading-title elementor-size-default\">Prvi korak nije piling, ve\u0107 obnova za\u0161titne barijere\n<\/h2>\t\t\t\t<\/div>\n\t\t\t\t<\/div>\n\t\t\t\t\t<\/div>\n\t\t\t\t<\/div>\n\t\t<div class=\"elementor-element elementor-element-babc049 thegem-e-con-layout-elementor e-flex e-con-boxed e-con e-parent\" data-id=\"babc049\" data-element_type=\"container\" data-e-type=\"container\" data-settings=\"{&quot;thegem_container_layout&quot;:&quot;elementor&quot;}\">\r\n\t\t\t\t\t<div class=\"e-con-inner\">\r\n\t\t\t\t<div class=\"elementor-element elementor-element-566dfb1 flex-horizontal-align-default flex-horizontal-align-tablet-default flex-horizontal-align-mobile-default flex-vertical-align-default flex-vertical-align-tablet-default flex-vertical-align-mobile-default elementor-widget elementor-widget-text-editor\" data-id=\"566dfb1\" data-element_type=\"widget\" data-e-type=\"widget\" data-widget_type=\"text-editor.default\">\n\t\t\t\t<div class=\"elementor-widget-container\">\n\t\t\t\t\t\t\t\t\t\t\t\t<div class=\"elementor-text-editor elementor-clearfix\">\r\n\t\t\t\t\t\t<p><span style=\"font-weight: 400;\">Jedna od naj\u010de\u0161\u0107ih gre\u0161aka nakon povratka sa odmora jeste \u017eelja da se ko\u017ea \u0161to pre &#8222;osve\u017ei&#8220; agresivnim pilinzima ili preparatima sa velikom koncentracijom aktivnih sastojaka.<\/span><\/p><p><span style=\"font-weight: 400;\">Kada je ko\u017ea ve\u0107 dehidrirana i osetljiva, takav pristup mo\u017ee dodatno naru\u0161iti njenu za\u0161titnu funkciju.<\/span><\/p><p><span style=\"font-weight: 400;\">Ko\u017ena barijera predstavlja prirodni \u0161tit organizma. Kada je o\u010duvana, spre\u010dava prekomeran gubitak vode i \u0161titi ko\u017eu od spolja\u0161njih iritansa. Nakon intenzivnog izlaganja suncu, moru i hloru upravo je ona naj\u010de\u0161\u0107e oslabljena.<\/span><\/p><p><span style=\"font-weight: 400;\">Zbog toga je prvi cilj nege obnova njene funkcije, a tek nakon toga uvo\u0111enje intenzivnijih preparata za <\/span><a href=\"https:\/\/drkozarevcosmedics.com\/lice\/?7069fdc-category=suva-koza\"><span style=\"font-weight: 400;\">regeneraciju<\/span><\/a><span style=\"font-weight: 400;\"> ili <\/span><a href=\"https:\/\/drkozarevcosmedics.com\/lice\/?7069fdc-category=anti-age-2\"><span style=\"font-weight: 400;\">anti-age<\/span><\/a><span style=\"font-weight: 400;\"> negu.<\/span><\/p>\t\t\t\t\t\t\t<\/div>\r\n\t\t\t\t\t\t\t\t\t\t<\/div>\n\t\t\t\t<\/div>\n\t\t\t\t\t<\/div>\n\t\t\t\t<\/div>\n\t\t<div class=\"elementor-element elementor-element-ec689fd thegem-e-con-layout-elementor e-flex e-con-boxed e-con e-parent\" data-id=\"ec689fd\" data-element_type=\"container\" data-e-type=\"container\" data-settings=\"{&quot;thegem_container_layout&quot;:&quot;elementor&quot;}\">\r\n\t\t\t\t\t<div class=\"e-con-inner\">\r\n\t\t\t\t<div class=\"elementor-element elementor-element-22283d5 flex-horizontal-align-default flex-horizontal-align-tablet-default flex-horizontal-align-mobile-default flex-vertical-align-default flex-vertical-align-tablet-default flex-vertical-align-mobile-default elementor-widget elementor-widget-heading\" data-id=\"22283d5\" data-element_type=\"widget\" data-e-type=\"widget\" data-widget_type=\"heading.default\">\n\t\t\t\t<div class=\"elementor-widget-container\">\n\t\t\t\t\t<h2 class=\"elementor-heading-title elementor-size-default\">Za\u0161to ko\u017ea ostaje suva i kada se vratimo sa odmora?\n<\/h2>\t\t\t\t<\/div>\n\t\t\t\t<\/div>\n\t\t\t\t\t<\/div>\n\t\t\t\t<\/div>\n\t\t<div class=\"elementor-element elementor-element-1449ebd thegem-e-con-layout-elementor e-flex e-con-boxed e-con e-parent\" data-id=\"1449ebd\" data-element_type=\"container\" data-e-type=\"container\" data-settings=\"{&quot;thegem_container_layout&quot;:&quot;elementor&quot;}\">\r\n\t\t\t\t\t<div class=\"e-con-inner\">\r\n\t\t\t\t<div class=\"elementor-element elementor-element-8dcfcc4 flex-horizontal-align-default flex-horizontal-align-tablet-default flex-horizontal-align-mobile-default flex-vertical-align-default flex-vertical-align-tablet-default flex-vertical-align-mobile-default elementor-widget elementor-widget-text-editor\" data-id=\"8dcfcc4\" data-element_type=\"widget\" data-e-type=\"widget\" data-widget_type=\"text-editor.default\">\n\t\t\t\t<div class=\"elementor-widget-container\">\n\t\t\t\t\t\t\t\t\t\t\t\t<div class=\"elementor-text-editor elementor-clearfix\">\r\n\t\t\t\t\t\t<p><span style=\"font-weight: 400;\">Mnogi o\u010dekuju da \u0107e se ko\u017ea oporaviti nekoliko dana nakon povratka ku\u0107i.Me\u0111utim, ukoliko je za\u0161titna barijera ozbiljnije naru\u0161ena, proces oporavka traje znatno du\u017ee.<\/span><\/p><p><span style=\"font-weight: 400;\">UV zra\u010denje nastavlja da pokre\u0107e procese u ko\u017ei i nakon izlaganja suncu, dok gubitak vode mo\u017ee biti prisutan jo\u0161 danima nakon zavr\u0161etka letovanja.<\/span><\/p><p><span style=\"font-weight: 400;\">Zbog toga se ose\u0107aj zatezanja \u010desto javlja tek nekoliko dana po povratku, kada se organizam vrati u uobi\u010dajene uslove.<\/span><\/p>\t\t\t\t\t\t\t<\/div>\r\n\t\t\t\t\t\t\t\t\t\t<\/div>\n\t\t\t\t<\/div>\n\t\t\t\t\t<\/div>\n\t\t\t\t<\/div>\n\t\t<div class=\"elementor-element elementor-element-3a276ae thegem-e-con-layout-elementor e-flex e-con-boxed e-con e-parent\" data-id=\"3a276ae\" data-element_type=\"container\" data-e-type=\"container\" data-settings=\"{&quot;thegem_container_layout&quot;:&quot;elementor&quot;}\">\r\n\t\t\t\t\t<div class=\"e-con-inner\">\r\n\t\t\t\t<div class=\"elementor-element elementor-element-fa677d8 flex-horizontal-align-default flex-horizontal-align-tablet-default flex-horizontal-align-mobile-default flex-vertical-align-default flex-vertical-align-tablet-default flex-vertical-align-mobile-default elementor-widget elementor-widget-image\" data-id=\"fa677d8\" data-element_type=\"widget\" data-e-type=\"widget\" data-widget_type=\"image.default\">\n\t\t\t\t<div class=\"elementor-widget-container\">\n\t\t\t\t\t\t\t\t\t\t\t\t\t\t\t<img fetchpriority=\"high\" width=\"1707\" height=\"2560\" src=\"https:\/\/drkozarevcosmedics.com\/wp-content\/uploads\/2026\/09\/pexels-yankrukov-7020247-scaled.jpg\" class=\"attachment-full size-full wp-image-8923\" alt=\"kako obnoviti kozu\" srcset=\"https:\/\/drkozarevcosmedics.com\/wp-content\/uploads\/2026\/09\/pexels-yankrukov-7020247-scaled.jpg 1707w, https:\/\/drkozarevcosmedics.com\/wp-content\/uploads\/2026\/09\/pexels-yankrukov-7020247-200x300.jpg 200w, https:\/\/drkozarevcosmedics.com\/wp-content\/uploads\/2026\/09\/pexels-yankrukov-7020247-683x1024.jpg 683w, https:\/\/drkozarevcosmedics.com\/wp-content\/uploads\/2026\/09\/pexels-yankrukov-7020247-768x1152.jpg 768w, https:\/\/drkozarevcosmedics.com\/wp-content\/uploads\/2026\/09\/pexels-yankrukov-7020247-1024x1536.jpg 1024w, https:\/\/drkozarevcosmedics.com\/wp-content\/uploads\/2026\/09\/pexels-yankrukov-7020247-1365x2048.jpg 1365w, https:\/\/drkozarevcosmedics.com\/wp-content\/uploads\/2026\/09\/pexels-yankrukov-7020247-8x12.jpg 8w, https:\/\/drkozarevcosmedics.com\/wp-content\/uploads\/2026\/09\/pexels-yankrukov-7020247-600x900.jpg 600w\" sizes=\"(max-width: 1707px) 100vw, 1707px\" \/>\t\t\t\t\t\t\t\t\t\t\t\t\t\t\t<\/div>\n\t\t\t\t<\/div>\n\t\t\t\t\t<\/div>\n\t\t\t\t<\/div>\n\t\t<div class=\"elementor-element elementor-element-a9688e6 thegem-e-con-layout-elementor e-flex e-con-boxed e-con e-parent\" data-id=\"a9688e6\" data-element_type=\"container\" data-e-type=\"container\" data-settings=\"{&quot;thegem_container_layout&quot;:&quot;elementor&quot;}\">\r\n\t\t\t\t\t<div class=\"e-con-inner\">\r\n\t\t\t\t<div class=\"elementor-element elementor-element-1b7dc79 flex-horizontal-align-default flex-horizontal-align-tablet-default flex-horizontal-align-mobile-default flex-vertical-align-default flex-vertical-align-tablet-default flex-vertical-align-mobile-default elementor-widget elementor-widget-heading\" data-id=\"1b7dc79\" data-element_type=\"widget\" data-e-type=\"widget\" data-widget_type=\"heading.default\">\n\t\t\t\t<div class=\"elementor-widget-container\">\n\t\t\t\t\t<h2 class=\"elementor-heading-title elementor-size-default\">Hidratacija nije isto \u0161to i obnova ko\u017ee\n<\/h2>\t\t\t\t<\/div>\n\t\t\t\t<\/div>\n\t\t\t\t\t<\/div>\n\t\t\t\t<\/div>\n\t\t<div class=\"elementor-element elementor-element-86c5d4a thegem-e-con-layout-elementor e-flex e-con-boxed e-con e-parent\" data-id=\"86c5d4a\" data-element_type=\"container\" data-e-type=\"container\" data-settings=\"{&quot;thegem_container_layout&quot;:&quot;elementor&quot;}\">\r\n\t\t\t\t\t<div class=\"e-con-inner\">\r\n\t\t\t\t<div class=\"elementor-element elementor-element-30407e3 flex-horizontal-align-default flex-horizontal-align-tablet-default flex-horizontal-align-mobile-default flex-vertical-align-default flex-vertical-align-tablet-default flex-vertical-align-mobile-default elementor-widget elementor-widget-text-editor\" data-id=\"30407e3\" data-element_type=\"widget\" data-e-type=\"widget\" data-widget_type=\"text-editor.default\">\n\t\t\t\t<div class=\"elementor-widget-container\">\n\t\t\t\t\t\t\t\t\t\t\t\t<div class=\"elementor-text-editor elementor-clearfix\">\r\n\t\t\t\t\t\t<p><span style=\"font-weight: 400;\">\u010cesto se smatra da \u0107e bilo koja hidratantna krema re\u0161iti problem suve ko\u017ee. Ipak, hidratacija i obnova za\u0161titne barijere nisu isto. <\/span><span style=\"font-weight: 400;\">Ko\u017ei je potrebna voda, ali joj je podjednako potrebno da tu vodu zadr\u017ei.<\/span><\/p><p><span style=\"font-weight: 400;\">Ako je za\u0161titna barijera o\u0161te\u0107ena, voda \u0107e nastaviti da isparava bez obzira na to koliko \u010desto nanosimo hidratantne preparate. <\/span><span style=\"font-weight: 400;\">Zbog toga preparati koji pored hidratacije poma\u017eu obnovi za\u0161titne funkcije ko\u017ee imaju va\u017enu ulogu u oporavku nakon leta.<\/span><\/p>\t\t\t\t\t\t\t<\/div>\r\n\t\t\t\t\t\t\t\t\t\t<\/div>\n\t\t\t\t<\/div>\n\t\t\t\t\t<\/div>\n\t\t\t\t<\/div>\n\t\t<div class=\"elementor-element elementor-element-b5a21e0 thegem-e-con-layout-elementor e-flex e-con-boxed e-con e-parent\" data-id=\"b5a21e0\" data-element_type=\"container\" data-e-type=\"container\" data-settings=\"{&quot;thegem_container_layout&quot;:&quot;elementor&quot;}\">\r\n\t\t\t\t\t<div class=\"e-con-inner\">\r\n\t\t\t\t<div class=\"elementor-element elementor-element-6288d0b flex-horizontal-align-default flex-horizontal-align-tablet-default flex-horizontal-align-mobile-default flex-vertical-align-default flex-vertical-align-tablet-default flex-vertical-align-mobile-default elementor-widget elementor-widget-heading\" data-id=\"6288d0b\" data-element_type=\"widget\" data-e-type=\"widget\" data-widget_type=\"heading.default\">\n\t\t\t\t<div class=\"elementor-widget-container\">\n\t\t\t\t\t<h2 class=\"elementor-heading-title elementor-size-default\">Kako izgleda pravilna rutina nakon sun\u010danja?\n<\/h2>\t\t\t\t<\/div>\n\t\t\t\t<\/div>\n\t\t\t\t\t<\/div>\n\t\t\t\t<\/div>\n\t\t<div class=\"elementor-element elementor-element-b1c6932 thegem-e-con-layout-elementor e-flex e-con-boxed e-con e-parent\" data-id=\"b1c6932\" data-element_type=\"container\" data-e-type=\"container\" data-settings=\"{&quot;thegem_container_layout&quot;:&quot;elementor&quot;}\">\r\n\t\t\t\t\t<div class=\"e-con-inner\">\r\n\t\t\t\t<div class=\"elementor-element elementor-element-ae2cf8d flex-horizontal-align-default flex-horizontal-align-tablet-default flex-horizontal-align-mobile-default flex-vertical-align-default flex-vertical-align-tablet-default flex-vertical-align-mobile-default elementor-widget elementor-widget-text-editor\" data-id=\"ae2cf8d\" data-element_type=\"widget\" data-e-type=\"widget\" data-widget_type=\"text-editor.default\">\n\t\t\t\t<div class=\"elementor-widget-container\">\n\t\t\t\t\t\t\t\t\t\t\t\t<div class=\"elementor-text-editor elementor-clearfix\">\r\n\t\t\t\t\t\t<p><span style=\"font-weight: 400;\">Nega ko\u017ee nakon leta nije komplikovana. Naprotiv, najva\u017enije je da bude dosledna:<\/span><\/p><ol><li style=\"font-weight: 400;\" aria-level=\"1\"><span style=\"font-weight: 400;\">Ko\u017eu je potrebno ne\u017eno o\u010distiti preparatima poput <\/span><a href=\"https:\/\/drkozarevcosmedics.com\/product\/sebia-penasta-umivalica\/\"><span style=\"font-weight: 400;\">Sebia pene<\/span><\/a><span style=\"font-weight: 400;\"> koji ne\u0107e dodatno ukloniti prirodne lipide sa njene povr\u0161ine.<\/span><\/li><li style=\"font-weight: 400;\" aria-level=\"1\"><span style=\"font-weight: 400;\">Nakon toga preporu\u010duje se primena preparata koji <\/span><a href=\"https:\/\/drkozarevcosmedics.com\/lice\/?7069fdc-category=suva-koza\"><span style=\"font-weight: 400;\">vra\u0107aju vlagu<\/span><\/a><span style=\"font-weight: 400;\"> i doprinose obnavljanju za\u0161titne barijere.<\/span><\/li><li style=\"font-weight: 400;\" aria-level=\"1\"><span style=\"font-weight: 400;\">Tokom ovog perioda korisno je izbegavati proizvode koji izazivaju dodatno isu\u0161ivanje ili iritaciju, posebno ukoliko postoji ose\u0107aj peckanja ili crvenila.<\/span><\/li><\/ol><p>Komplikovane rutine zapravo nikada nisu odgovor. Da bi ko\u017ea bila zdrava, klju\u010d je u jednostavnosti i kvalitetu preparata koje birate.<\/p>\t\t\t\t\t\t\t<\/div>\r\n\t\t\t\t\t\t\t\t\t\t<\/div>\n\t\t\t\t<\/div>\n\t\t\t\t\t<\/div>\n\t\t\t\t<\/div>\n\t\t<div class=\"elementor-element elementor-element-8c7a236 thegem-e-con-layout-elementor e-flex e-con-boxed e-con e-parent\" data-id=\"8c7a236\" data-element_type=\"container\" data-e-type=\"container\" data-settings=\"{&quot;thegem_container_layout&quot;:&quot;elementor&quot;}\">\r\n\t\t\t\t\t<div class=\"e-con-inner\">\r\n\t\t\t\t<div class=\"elementor-element elementor-element-8a05185 flex-horizontal-align-default flex-horizontal-align-tablet-default flex-horizontal-align-mobile-default flex-vertical-align-default flex-vertical-align-tablet-default flex-vertical-align-mobile-default elementor-widget elementor-widget-heading\" data-id=\"8a05185\" data-element_type=\"widget\" data-e-type=\"widget\" data-widget_type=\"heading.default\">\n\t\t\t\t<div class=\"elementor-widget-container\">\n\t\t\t\t\t<h2 class=\"elementor-heading-title elementor-size-default\">Kada koristiti preparate sa vitaminom E?\n<\/h2>\t\t\t\t<\/div>\n\t\t\t\t<\/div>\n\t\t\t\t\t<\/div>\n\t\t\t\t<\/div>\n\t\t<div class=\"elementor-element elementor-element-6b2f4e0 thegem-e-con-layout-elementor e-flex e-con-boxed e-con e-parent\" data-id=\"6b2f4e0\" data-element_type=\"container\" data-e-type=\"container\" data-settings=\"{&quot;thegem_container_layout&quot;:&quot;elementor&quot;}\">\r\n\t\t\t\t\t<div class=\"e-con-inner\">\r\n\t\t\t\t<div class=\"elementor-element elementor-element-fb59a32 flex-horizontal-align-default flex-horizontal-align-tablet-default flex-horizontal-align-mobile-default flex-vertical-align-default flex-vertical-align-tablet-default flex-vertical-align-mobile-default elementor-widget elementor-widget-text-editor\" data-id=\"fb59a32\" data-element_type=\"widget\" data-e-type=\"widget\" data-widget_type=\"text-editor.default\">\n\t\t\t\t<div class=\"elementor-widget-container\">\n\t\t\t\t\t\t\t\t\t\t\t\t<div class=\"elementor-text-editor elementor-clearfix\">\r\n\t\t\t\t\t\t<p><span style=\"font-weight: 400;\">Jedan od va\u017enih saveznika u nezi ko\u017ee nakon leta jeste vitamin E.<\/span><\/p><p><span style=\"font-weight: 400;\">Re\u010d je o antioksidansu koji poma\u017ee za\u0161titi ko\u017ee od slobodnih radikala nastalih pod dejstvom UV zra\u010denja, dok istovremeno doprinosi o\u010duvanju njene hidriranosti.<\/span><\/p><p><span style=\"font-weight: 400;\">Kod ko\u017ee koja nakon sun\u010danja deluje zategnuto i dehidrirano, preparati poput <\/span><a href=\"https:\/\/drkozarevcosmedics.com\/product\/vitamin-e\/\"><b>Vitamin E HA Gela<\/b><\/a><span style=\"font-weight: 400;\"> mogu pomo\u0107i da se ubla\u017ei ose\u0107aj suvo\u0107e i doprinesu vra\u0107anju prijatnog ose\u0107aja na ko\u017ei.<\/span><\/p><p><span style=\"font-weight: 400;\">Njegova lagana tekstura posebno odgovara letnjem periodu kada mnogi ne \u017eele bogate i te\u0161ke preparate.<\/span><\/p>\t\t\t\t\t\t\t<\/div>\r\n\t\t\t\t\t\t\t\t\t\t<\/div>\n\t\t\t\t<\/div>\n\t\t\t\t\t<\/div>\n\t\t\t\t<\/div>\n\t\t<div class=\"elementor-element elementor-element-84683b4 thegem-e-con-layout-elementor e-flex e-con-boxed e-con e-parent\" data-id=\"84683b4\" data-element_type=\"container\" data-e-type=\"container\" data-settings=\"{&quot;thegem_container_layout&quot;:&quot;elementor&quot;}\">\r\n\t\t\t\t\t<div class=\"e-con-inner\">\r\n\t\t\t\t<div class=\"elementor-element elementor-element-2082c98 flex-horizontal-align-default flex-horizontal-align-tablet-default flex-horizontal-align-mobile-default flex-vertical-align-default flex-vertical-align-tablet-default flex-vertical-align-mobile-default elementor-widget elementor-widget-image\" data-id=\"2082c98\" data-element_type=\"widget\" data-e-type=\"widget\" data-widget_type=\"image.default\">\n\t\t\t\t<div class=\"elementor-widget-container\">\n\t\t\t\t\t\t\t\t\t\t\t\t\t\t\t<img width=\"1024\" height=\"1024\" src=\"https:\/\/drkozarevcosmedics.com\/wp-content\/uploads\/2026\/09\/4-1024x1024.jpg\" class=\"attachment-large size-large wp-image-8924\" alt=\"Dr Kozarev Vitamin E sa hijaluronskom kiselinom\" srcset=\"https:\/\/drkozarevcosmedics.com\/wp-content\/uploads\/2026\/09\/4-1024x1024.jpg 1024w, https:\/\/drkozarevcosmedics.com\/wp-content\/uploads\/2026\/09\/4-300x300.jpg 300w, https:\/\/drkozarevcosmedics.com\/wp-content\/uploads\/2026\/09\/4-150x150.jpg 150w, https:\/\/drkozarevcosmedics.com\/wp-content\/uploads\/2026\/09\/4-768x768.jpg 768w, https:\/\/drkozarevcosmedics.com\/wp-content\/uploads\/2026\/09\/4-1536x1536.jpg 1536w, https:\/\/drkozarevcosmedics.com\/wp-content\/uploads\/2026\/09\/4-2048x2048.jpg 2048w, https:\/\/drkozarevcosmedics.com\/wp-content\/uploads\/2026\/09\/4-12x12.jpg 12w, https:\/\/drkozarevcosmedics.com\/wp-content\/uploads\/2026\/09\/4-256x256.jpg 256w, https:\/\/drkozarevcosmedics.com\/wp-content\/uploads\/2026\/09\/4-600x600.jpg 600w, https:\/\/drkozarevcosmedics.com\/wp-content\/uploads\/2026\/09\/4-180x180.jpg 180w\" sizes=\"(max-width: 1024px) 100vw, 1024px\" \/>\t\t\t\t\t\t\t\t\t\t\t\t\t\t\t<\/div>\n\t\t\t\t<\/div>\n\t\t\t\t\t<\/div>\n\t\t\t\t<\/div>\n\t\t<div class=\"elementor-element elementor-element-161e014 thegem-e-con-layout-elementor e-flex e-con-boxed e-con e-parent\" data-id=\"161e014\" data-element_type=\"container\" data-e-type=\"container\" data-settings=\"{&quot;thegem_container_layout&quot;:&quot;elementor&quot;}\">\r\n\t\t\t\t\t<div class=\"e-con-inner\">\r\n\t\t\t\t<div class=\"elementor-element elementor-element-8cd1ea9 flex-horizontal-align-default flex-horizontal-align-tablet-default flex-horizontal-align-mobile-default flex-vertical-align-default flex-vertical-align-tablet-default flex-vertical-align-mobile-default elementor-widget elementor-widget-heading\" data-id=\"8cd1ea9\" data-element_type=\"widget\" data-e-type=\"widget\" data-widget_type=\"heading.default\">\n\t\t\t\t<div class=\"elementor-widget-container\">\n\t\t\t\t\t<h2 class=\"elementor-heading-title elementor-size-default\">Kada je pantenol najbolji izbor?\n<\/h2>\t\t\t\t<\/div>\n\t\t\t\t<\/div>\n\t\t\t\t\t<\/div>\n\t\t\t\t<\/div>\n\t\t<div class=\"elementor-element elementor-element-0f38246 thegem-e-con-layout-elementor e-flex e-con-boxed e-con e-parent\" data-id=\"0f38246\" data-element_type=\"container\" data-e-type=\"container\" data-settings=\"{&quot;thegem_container_layout&quot;:&quot;elementor&quot;}\">\r\n\t\t\t\t\t<div class=\"e-con-inner\">\r\n\t\t\t\t<div class=\"elementor-element elementor-element-53fa49f flex-horizontal-align-default flex-horizontal-align-tablet-default flex-horizontal-align-mobile-default flex-vertical-align-default flex-vertical-align-tablet-default flex-vertical-align-mobile-default elementor-widget elementor-widget-text-editor\" data-id=\"53fa49f\" data-element_type=\"widget\" data-e-type=\"widget\" data-widget_type=\"text-editor.default\">\n\t\t\t\t<div class=\"elementor-widget-container\">\n\t\t\t\t\t\t\t\t\t\t\t\t<div class=\"elementor-text-editor elementor-clearfix\">\r\n\t\t\t\t\t\t<p><span style=\"font-weight: 400;\">Ako je ko\u017ea postala crvena, osetljiva ili reaguje peckanjem nakon sun\u010danja, cilj nege nije samo hidratacija ve\u0107 i umirivanje.<\/span><\/p><p><span style=\"font-weight: 400;\">U takvim situacijama preparati sa pantenolom mogu doprineti obnavljanju ko\u017ee i smanjenju ose\u0107aja nelagodnosti.<\/span><\/p><p><a href=\"https:\/\/drkozarevcosmedics.com\/product\/pantenol-mleko\/\"><b>Pantenol mleko<\/b><\/a><span style=\"font-weight: 400;\"> namenjeno je upravo nezi ko\u017ee nakon spolja\u0161njih uticaja poput sun\u010devog zra\u010denja, vetra ili hlora.<\/span><\/p><p><span style=\"font-weight: 400;\">Va\u017eno je naglasiti da preparate za negu nakon sun\u010danja treba nanositi na \u010distu ko\u017eu, odmah nakon tu\u0161iranja, kada je mogu\u0107nost zadr\u017eavanja vlage najve\u0107a.<\/span><\/p>\t\t\t\t\t\t\t<\/div>\r\n\t\t\t\t\t\t\t\t\t\t<\/div>\n\t\t\t\t<\/div>\n\t\t\t\t\t<\/div>\n\t\t\t\t<\/div>\n\t\t<div class=\"elementor-element elementor-element-aa9a026 thegem-e-con-layout-elementor e-flex e-con-boxed e-con e-parent\" data-id=\"aa9a026\" data-element_type=\"container\" data-e-type=\"container\" data-settings=\"{&quot;thegem_container_layout&quot;:&quot;elementor&quot;}\">\r\n\t\t\t\t\t<div class=\"e-con-inner\">\r\n\t\t\t\t<div class=\"elementor-element elementor-element-a5c42d4 flex-horizontal-align-default flex-horizontal-align-tablet-default flex-horizontal-align-mobile-default flex-vertical-align-default flex-vertical-align-tablet-default flex-vertical-align-mobile-default elementor-widget elementor-widget-video\" data-id=\"a5c42d4\" data-element_type=\"widget\" data-e-type=\"widget\" data-settings=\"{&quot;video_type&quot;:&quot;hosted&quot;,&quot;start&quot;:1,&quot;controls&quot;:&quot;yes&quot;}\" data-widget_type=\"video.default\">\n\t\t\t\t<div class=\"elementor-widget-container\">\n\t\t\t\t\t\t\t<div class=\"e-hosted-video elementor-wrapper elementor-open-inline\">\n\t\t\t\t\t<video class=\"elementor-video\" src=\"http:\/\/drkozarevcosmedics.com\/wp-content\/uploads\/2026\/08\/DR-Kozarev-Pantenol-16x9-1.mp4#t=1\" controls=\"\" preload=\"metadata\" controlsList=\"nodownload\"><\/video>\n\t\t\t\t<\/div>\n\t\t\t\t\t\t<\/div>\n\t\t\t\t<\/div>\n\t\t\t\t\t<\/div>\n\t\t\t\t<\/div>\n\t\t<div class=\"elementor-element elementor-element-7ae4287 thegem-e-con-layout-elementor e-flex e-con-boxed e-con e-parent\" data-id=\"7ae4287\" data-element_type=\"container\" data-e-type=\"container\" data-settings=\"{&quot;thegem_container_layout&quot;:&quot;elementor&quot;}\">\r\n\t\t\t\t\t<div class=\"e-con-inner\">\r\n\t\t\t\t<div class=\"elementor-element elementor-element-365bdc2 flex-horizontal-align-default flex-horizontal-align-tablet-default flex-horizontal-align-mobile-default flex-vertical-align-default flex-vertical-align-tablet-default flex-vertical-align-mobile-default elementor-widget elementor-widget-heading\" data-id=\"365bdc2\" data-element_type=\"widget\" data-e-type=\"widget\" data-widget_type=\"heading.default\">\n\t\t\t\t<div class=\"elementor-widget-container\">\n\t\t\t\t\t<h2 class=\"elementor-heading-title elementor-size-default\">Kada je potrebna bogatija nega?\n<\/h2>\t\t\t\t<\/div>\n\t\t\t\t<\/div>\n\t\t\t\t\t<\/div>\n\t\t\t\t<\/div>\n\t\t<div class=\"elementor-element elementor-element-fa4d6b9 thegem-e-con-layout-elementor e-flex e-con-boxed e-con e-parent\" data-id=\"fa4d6b9\" data-element_type=\"container\" data-e-type=\"container\" data-settings=\"{&quot;thegem_container_layout&quot;:&quot;elementor&quot;}\">\r\n\t\t\t\t\t<div class=\"e-con-inner\">\r\n\t\t\t\t<div class=\"elementor-element elementor-element-bd8ace7 flex-horizontal-align-default flex-horizontal-align-tablet-default flex-horizontal-align-mobile-default flex-vertical-align-default flex-vertical-align-tablet-default flex-vertical-align-mobile-default elementor-widget elementor-widget-text-editor\" data-id=\"bd8ace7\" data-element_type=\"widget\" data-e-type=\"widget\" data-widget_type=\"text-editor.default\">\n\t\t\t\t<div class=\"elementor-widget-container\">\n\t\t\t\t\t\t\t\t\t\t\t\t<div class=\"elementor-text-editor elementor-clearfix\">\r\n\t\t\t\t\t\t<p><span style=\"font-weight: 400;\">Kod pojedinih osoba ko\u017ea nakon leta ostaje izrazito suva bez obzira na redovno kori\u0161\u0107enje lak\u0161ih hidratantnih preparata.<\/span><\/p><p><span style=\"font-weight: 400;\">To je naro\u010dito \u010dest slu\u010daj kod osoba sa prirodno suvom ko\u017eom, atopijskim dermatitisom ili kod starije populacije, \u010dija za\u0161titna barijera sporije obnavlja svoju funkciju. <\/span><span style=\"font-weight: 400;\">U takvim situacijama korisni mogu biti preparati bogatiji lipidima koji poma\u017eu obnovi za\u0161titnog sloja ko\u017ee.<\/span><\/p><p><a href=\"https:\/\/drkozarevcosmedics.com\/product\/dermobaza\/\"><b>Dermobaza<\/b><\/a><span style=\"font-weight: 400;\"> predstavlja dobar izbor za svakodnevnu negu ko\u017ee kojoj je potrebna intenzivnija za\u0161tita i dugotrajnija hidratacija.<\/span><\/p>\t\t\t\t\t\t\t<\/div>\r\n\t\t\t\t\t\t\t\t\t\t<\/div>\n\t\t\t\t<\/div>\n\t\t\t\t\t<\/div>\n\t\t\t\t<\/div>\n\t\t<div class=\"elementor-element elementor-element-86a39e1 thegem-e-con-layout-elementor e-flex e-con-boxed e-con e-parent\" data-id=\"86a39e1\" data-element_type=\"container\" data-e-type=\"container\" data-settings=\"{&quot;thegem_container_layout&quot;:&quot;elementor&quot;}\">\r\n\t\t\t\t\t<div class=\"e-con-inner\">\r\n\t\t\t\t<div class=\"elementor-element elementor-element-4379f34 flex-horizontal-align-default flex-horizontal-align-tablet-default flex-horizontal-align-mobile-default flex-vertical-align-default flex-vertical-align-tablet-default flex-vertical-align-mobile-default elementor-widget elementor-widget-heading\" data-id=\"4379f34\" data-element_type=\"widget\" data-e-type=\"widget\" data-widget_type=\"heading.default\">\n\t\t\t\t<div class=\"elementor-widget-container\">\n\t\t\t\t\t<h2 class=\"elementor-heading-title elementor-size-default\">\u0160ta ne treba raditi odmah nakon letovanja?\n<\/h2>\t\t\t\t<\/div>\n\t\t\t\t<\/div>\n\t\t\t\t\t<\/div>\n\t\t\t\t<\/div>\n\t\t<div class=\"elementor-element elementor-element-a8f2168 thegem-e-con-layout-elementor e-flex e-con-boxed e-con e-parent\" data-id=\"a8f2168\" data-element_type=\"container\" data-e-type=\"container\" data-settings=\"{&quot;thegem_container_layout&quot;:&quot;elementor&quot;}\">\r\n\t\t\t\t\t<div class=\"e-con-inner\">\r\n\t\t\t\t<div class=\"elementor-element elementor-element-d023e54 flex-horizontal-align-default flex-horizontal-align-tablet-default flex-horizontal-align-mobile-default flex-vertical-align-default flex-vertical-align-tablet-default flex-vertical-align-mobile-default elementor-widget elementor-widget-text-editor\" data-id=\"d023e54\" data-element_type=\"widget\" data-e-type=\"widget\" data-widget_type=\"text-editor.default\">\n\t\t\t\t<div class=\"elementor-widget-container\">\n\t\t\t\t\t\t\t\t\t\t\t\t<div class=\"elementor-text-editor elementor-clearfix\">\r\n\t\t\t\t\t\t<p><span style=\"font-weight: 400;\">Jedna od naj\u010de\u0161\u0107ih gre\u0161aka jeste da se odmah po povratku zapo\u010dne sa intenzivnim pilinzima, jakim kiselinama ili agresivnim preparatima u \u017eelji da ko\u017ea \u0161to pre dobije sve\u017e izgled.<\/span><\/p><p><span style=\"font-weight: 400;\">Iako takvi tretmani imaju svoje mesto u dermatologiji, najbolje rezultate daju kada je za\u0161titna barijera ve\u0107 obnovljena.<\/span><\/p><p><span style=\"font-weight: 400;\">Prvih nekoliko dana mnogo je va\u017enije umiriti ko\u017eu, vratiti joj vlagu i omogu\u0107iti prirodan oporavak.<\/span><\/p><p><span style=\"font-weight: 400;\">Tek nakon toga mogu se postepeno uvoditi preparati namenjeni ujedna\u010davanju tena, tretiranju <\/span><a href=\"https:\/\/drkozarevcosmedics.com\/lice\/?7069fdc-category=pigmentacija\"><span style=\"font-weight: 400;\">pigmentacija<\/span><\/a><span style=\"font-weight: 400;\"> ili <\/span><a href=\"https:\/\/drkozarevcosmedics.com\/lice\/?7069fdc-category=anti-age-2\"><span style=\"font-weight: 400;\">anti-age<\/span><\/a><span style=\"font-weight: 400;\"> nezi.<\/span><\/p>\t\t\t\t\t\t\t<\/div>\r\n\t\t\t\t\t\t\t\t\t\t<\/div>\n\t\t\t\t<\/div>\n\t\t\t\t\t<\/div>\n\t\t\t\t<\/div>\n\t\t<div class=\"elementor-element elementor-element-e29d87f thegem-e-con-layout-elementor e-flex e-con-boxed e-con e-parent\" data-id=\"e29d87f\" data-element_type=\"container\" data-e-type=\"container\" data-settings=\"{&quot;thegem_container_layout&quot;:&quot;elementor&quot;}\">\r\n\t\t\t\t\t<div class=\"e-con-inner\">\r\n\t\t\t\t<div class=\"elementor-element elementor-element-2670978 flex-horizontal-align-default flex-horizontal-align-tablet-default flex-horizontal-align-mobile-default flex-vertical-align-default flex-vertical-align-tablet-default flex-vertical-align-mobile-default elementor-widget elementor-widget-heading\" data-id=\"2670978\" data-element_type=\"widget\" data-e-type=\"widget\" data-widget_type=\"heading.default\">\n\t\t\t\t<div class=\"elementor-widget-container\">\n\t\t\t\t\t<h2 class=\"elementor-heading-title elementor-size-default\">Kako znati da se ko\u017ea oporavila?\n<\/h2>\t\t\t\t<\/div>\n\t\t\t\t<\/div>\n\t\t\t\t\t<\/div>\n\t\t\t\t<\/div>\n\t\t<div class=\"elementor-element elementor-element-39ad0a9 thegem-e-con-layout-elementor e-flex e-con-boxed e-con e-parent\" data-id=\"39ad0a9\" data-element_type=\"container\" data-e-type=\"container\" data-settings=\"{&quot;thegem_container_layout&quot;:&quot;elementor&quot;}\">\r\n\t\t\t\t\t<div class=\"e-con-inner\">\r\n\t\t\t\t<div class=\"elementor-element elementor-element-d3d9eca flex-horizontal-align-default flex-horizontal-align-tablet-default flex-horizontal-align-mobile-default flex-vertical-align-default flex-vertical-align-tablet-default flex-vertical-align-mobile-default elementor-widget elementor-widget-text-editor\" data-id=\"d3d9eca\" data-element_type=\"widget\" data-e-type=\"widget\" data-widget_type=\"text-editor.default\">\n\t\t\t\t<div class=\"elementor-widget-container\">\n\t\t\t\t\t\t\t\t\t\t\t\t<div class=\"elementor-text-editor elementor-clearfix\">\r\n\t\t\t\t\t\t<p><span style=\"font-weight: 400;\">Prvi znakovi oporavka nisu samo lep\u0161i izgled ko\u017ee.<\/span><\/p><p><span style=\"font-weight: 400;\">Ko\u017ea postaje mek\u0161a na dodir, nestaje ose\u0107aj zatezanja nakon umivanja, smanjuje se perutanje, a preparati koje svakodnevno koristite ponovo se lako upijaju bez ose\u0107aja peckanja.<\/span><\/p><p><span style=\"font-weight: 400;\">To zna\u010di da je za\u0161titna barijera po\u010dela da obavlja svoju funkciju. Ovo je ujedno i znak da je ko\u017ea spremna za nastavak redovne rutine nege.<\/span><\/p>\t\t\t\t\t\t\t<\/div>\r\n\t\t\t\t\t\t\t\t\t\t<\/div>\n\t\t\t\t<\/div>\n\t\t\t\t\t<\/div>\n\t\t\t\t<\/div>\n\t\t<div class=\"elementor-element elementor-element-e1a6c88 thegem-e-con-layout-elementor e-flex e-con-boxed e-con e-parent\" data-id=\"e1a6c88\" data-element_type=\"container\" data-e-type=\"container\" data-settings=\"{&quot;thegem_container_layout&quot;:&quot;elementor&quot;}\">\r\n\t\t\t\t\t<div class=\"e-con-inner\">\r\n\t\t\t\t<div class=\"elementor-element elementor-element-39511d0 flex-horizontal-align-default flex-horizontal-align-tablet-default flex-horizontal-align-mobile-default flex-vertical-align-default flex-vertical-align-tablet-default flex-vertical-align-mobile-default elementor-widget elementor-widget-heading\" data-id=\"39511d0\" data-element_type=\"widget\" data-e-type=\"widget\" data-widget_type=\"heading.default\">\n\t\t\t\t<div class=\"elementor-widget-container\">\n\t\t\t\t\t<h2 class=\"elementor-heading-title elementor-size-default\">Re\u010d dermatologa<\/h2>\t\t\t\t<\/div>\n\t\t\t\t<\/div>\n\t\t\t\t\t<\/div>\n\t\t\t\t<\/div>\n\t\t<div class=\"elementor-element elementor-element-9647e97 thegem-e-con-layout-elementor e-flex e-con-boxed e-con e-parent\" data-id=\"9647e97\" data-element_type=\"container\" data-e-type=\"container\" data-settings=\"{&quot;thegem_container_layout&quot;:&quot;elementor&quot;}\">\r\n\t\t\t\t\t<div class=\"e-con-inner\">\r\n\t\t\t\t<div class=\"elementor-element elementor-element-de9bcab flex-horizontal-align-default flex-horizontal-align-tablet-default flex-horizontal-align-mobile-default flex-vertical-align-default flex-vertical-align-tablet-default flex-vertical-align-mobile-default elementor-widget elementor-widget-text-editor\" data-id=\"de9bcab\" data-element_type=\"widget\" data-e-type=\"widget\" data-widget_type=\"text-editor.default\">\n\t\t\t\t<div class=\"elementor-widget-container\">\n\t\t\t\t\t\t\t\t\t\t\t\t<div class=\"elementor-text-editor elementor-clearfix\">\r\n\t\t\t\t\t\t<p><span style=\"font-weight: 400;\">Najve\u0107a gre\u0161ka koju pravimo nakon leta jeste \u0161to pa\u017enju posve\u0107ujemo samo vidljivim promenama na ko\u017ei. Podjednako va\u017eno je stanje njene za\u0161titne barijere.<\/span><\/p><p><span style=\"font-weight: 400;\">Kada obnovimo njenu prirodnu funkciju, ko\u017ea \u0107e lak\u0161e povratiti hidrataciju, elasti\u010dnost i zdrav izgled.<\/span><\/p><p><span style=\"font-weight: 400;\">Zato oporavak ko\u017ee nakon sun\u010danja ne treba da bude usmeren na brza re\u0161enja, ve\u0107 na doslednu negu koja \u0107e pomo\u0107i da ko\u017ea ponovo postane otporna na svakodnevne spolja\u0161nje uticaje.<\/span><\/p>\t\t\t\t\t\t\t<\/div>\r\n\t\t\t\t\t\t\t\t\t\t<\/div>\n\t\t\t\t<\/div>\n\t\t\t\t\t<\/div>\n\t\t\t\t<\/div>\n\t\t<div class=\"elementor-element elementor-element-8ca731b e-con-full thegem-e-con-layout-elementor e-flex e-con e-child\" data-id=\"8ca731b\" data-element_type=\"container\" data-e-type=\"container\" data-settings=\"{&quot;background_background&quot;:&quot;classic&quot;,&quot;thegem_container_layout&quot;:&quot;elementor&quot;}\">\r\n\t\t\t\t<div class=\"elementor-element elementor-element-d46ffe2 flex-horizontal-align-default flex-horizontal-align-tablet-default flex-horizontal-align-mobile-default flex-vertical-align-default flex-vertical-align-tablet-default flex-vertical-align-mobile-default elementor-widget elementor-widget-heading\" data-id=\"d46ffe2\" data-element_type=\"widget\" data-e-type=\"widget\" data-widget_type=\"heading.default\">\n\t\t\t\t<div class=\"elementor-widget-container\">\n\t\t\t\t\t<h2 class=\"elementor-heading-title elementor-size-default\">FAQ \u2013 naj\u010de\u0161\u0107a pitanja o obnavljanju ko\u017ee nakon leta<\/h2>\t\t\t\t<\/div>\n\t\t\t\t<\/div>\n\t\t\t\t<div class=\"elementor-element elementor-element-275370b flex-horizontal-align-default flex-horizontal-align-tablet-default flex-horizontal-align-mobile-default flex-vertical-align-default flex-vertical-align-tablet-default flex-vertical-align-mobile-default elementor-widget elementor-widget-thegem-accordion\" data-id=\"275370b\" data-element_type=\"widget\" data-e-type=\"widget\" data-settings=\"{&quot;thegem_elementor_preset&quot;:&quot;simple_solid&quot;,&quot;title_position_mobile&quot;:&quot;left&quot;,&quot;title_position&quot;:&quot;left&quot;}\" data-widget_type=\"thegem-accordion.default\">\n\t\t\t\t<div class=\"elementor-widget-container\">\n\t\t\t\t\t\n\t\t<div class=\"gem-tta-container\" data-vc-action=\"collapseAll\">\n\t\t\t<div class=\"gem-tta-general gem-tta gem-tta-accordion gem-tta-color-thegem gem-tta-style-simple_solid gem-tta-shape-rounded gem-tta-o-shape-group gem-tta-controls-align-left\">\n\t\t\t\t<div class=\"gem-tta-panels-container\">\n\t\t\t\t\t<div class=\"gem-tta-panels\">\n\t\t\t\t\t\t\n\t\t\t\t\t\t\t<div id=\"section-275370b-1\" class=\"gem-tta-panel \" data-vc-content=\".gem-tta-panel-body\">\n\t\t\t\t\t\t\t\t<div class=\"gem-tta-panel-heading\">\n\t\t\t\t\t\t\t\t\t<h4 class=\"gem-tta-panel-title gem-tta-controls-icon-position-left\">\n\t\t\t\t\t\t\t\t\t\t<a href=\"#section-275370b-1\" data-vc-accordion data-vc-container=\".gem-tta-container\">\n\n\t\t\t\t\t\t\t\t\t\t\t\n\t\t\t\t\t\t\t\t\t\t\t<span class=\"gem-tta-title-text\">\n\t\t\t\t\t\t\t\t\t\t\t\tKoliko traje oporavak ko\u017ee nakon letovanja?\t\t\t\t\t\t\t\t\t\t\t<\/span>\n\n\t\t\t\t\t\t\t\t\t\t\t\n\t\t\t\t\t\t\t\t\t\t\t<span class=\"gem-tta-controls-icon gem-tta-controls-icon-opened\">\n\t\t\t\t\t\t\t\t\t\t\t\t<svg aria-hidden=\"true\" class=\"e-font-icon-svg e-fas-minus\" viewBox=\"0 0 448 512\" xmlns=\"http:\/\/www.w3.org\/2000\/svg\"><path d=\"M416 208H32c-17.67 0-32 14.33-32 32v32c0 17.67 14.33 32 32 32h384c17.67 0 32-14.33 32-32v-32c0-17.67-14.33-32-32-32z\"><\/path><\/svg>\t\t\t\t\t\t\t\t\t\t\t<\/span>\n\t\t\t\t\t\t\t\t\t\t\t<span class=\"gem-tta-controls-icon gem-tta-controls-icon-closed\">\n\t\t\t\t\t\t\t\t\t\t\t\t<svg aria-hidden=\"true\" class=\"e-font-icon-svg e-fas-plus\" viewBox=\"0 0 448 512\" xmlns=\"http:\/\/www.w3.org\/2000\/svg\"><path d=\"M416 208H272V64c0-17.67-14.33-32-32-32h-32c-17.67 0-32 14.33-32 32v144H32c-17.67 0-32 14.33-32 32v32c0 17.67 14.33 32 32 32h144v144c0 17.67 14.33 32 32 32h32c17.67 0 32-14.33 32-32V304h144c17.67 0 32-14.33 32-32v-32c0-17.67-14.33-32-32-32z\"><\/path><\/svg>\t\t\t\t\t\t\t\t\t\t\t<\/span>\n\t\t\t\t\t\t\t\t\t\t<\/a>\n\t\t\t\t\t\t\t\t\t<\/h4>\n\t\t\t\t\t\t\t\t<\/div>\n\t\t\t\t\t\t\t\t<div class=\"gem-tta-panel-body\">\n\t\t\t\t\t\t\t\t\t\t\t<div class=\"gem-text-output\"><p><span style=\"font-weight: 400;\">Kod ve\u0107ine osoba prvi znaci pobolj\u0161anja vide se nakon nekoliko dana pravilne nege, dok potpuna obnova za\u0161titne barijere mo\u017ee trajati nekoliko nedelja, u zavisnosti od stepena o\u0161te\u0107enja.<\/span><\/p><\/div>\t\t\t\t\t\t\t\t\t\t<\/div>\n\t\t\t\t\t\t\t\t\t<\/div>\n\t\t\t\t\t\t\n\t\t\t\t\t\t\t<div id=\"section-275370b-2\" class=\"gem-tta-panel \" data-vc-content=\".gem-tta-panel-body\">\n\t\t\t\t\t\t\t\t<div class=\"gem-tta-panel-heading\">\n\t\t\t\t\t\t\t\t\t<h4 class=\"gem-tta-panel-title gem-tta-controls-icon-position-left\">\n\t\t\t\t\t\t\t\t\t\t<a href=\"#section-275370b-2\" data-vc-accordion data-vc-container=\".gem-tta-container\">\n\n\t\t\t\t\t\t\t\t\t\t\t\n\t\t\t\t\t\t\t\t\t\t\t<span class=\"gem-tta-title-text\">\n\t\t\t\t\t\t\t\t\t\t\t\tDa li je dovoljno koristiti samo pantenol za oporavak ko\u017ee?\t\t\t\t\t\t\t\t\t\t\t<\/span>\n\n\t\t\t\t\t\t\t\t\t\t\t\n\t\t\t\t\t\t\t\t\t\t\t<span class=\"gem-tta-controls-icon gem-tta-controls-icon-opened\">\n\t\t\t\t\t\t\t\t\t\t\t\t<svg aria-hidden=\"true\" class=\"e-font-icon-svg e-fas-minus\" viewBox=\"0 0 448 512\" xmlns=\"http:\/\/www.w3.org\/2000\/svg\"><path d=\"M416 208H32c-17.67 0-32 14.33-32 32v32c0 17.67 14.33 32 32 32h384c17.67 0 32-14.33 32-32v-32c0-17.67-14.33-32-32-32z\"><\/path><\/svg>\t\t\t\t\t\t\t\t\t\t\t<\/span>\n\t\t\t\t\t\t\t\t\t\t\t<span class=\"gem-tta-controls-icon gem-tta-controls-icon-closed\">\n\t\t\t\t\t\t\t\t\t\t\t\t<svg aria-hidden=\"true\" class=\"e-font-icon-svg e-fas-plus\" viewBox=\"0 0 448 512\" xmlns=\"http:\/\/www.w3.org\/2000\/svg\"><path d=\"M416 208H272V64c0-17.67-14.33-32-32-32h-32c-17.67 0-32 14.33-32 32v144H32c-17.67 0-32 14.33-32 32v32c0 17.67 14.33 32 32 32h144v144c0 17.67 14.33 32 32 32h32c17.67 0 32-14.33 32-32V304h144c17.67 0 32-14.33 32-32v-32c0-17.67-14.33-32-32-32z\"><\/path><\/svg>\t\t\t\t\t\t\t\t\t\t\t<\/span>\n\t\t\t\t\t\t\t\t\t\t<\/a>\n\t\t\t\t\t\t\t\t\t<\/h4>\n\t\t\t\t\t\t\t\t<\/div>\n\t\t\t\t\t\t\t\t<div class=\"gem-tta-panel-body\">\n\t\t\t\t\t\t\t\t\t\t\t<div class=\"gem-text-output\"><p><span style=\"font-weight: 400;\">Pantenol mo\u017ee pomo\u0107i umirivanju ko\u017ee nakon sun\u010danja, ali je za potpuni oporavak \u010desto potrebno kombinovati preparate koji obnavljaju za\u0161titnu barijeru i doprinose zadr\u017eavanju vlage.<\/span><\/p><\/div>\t\t\t\t\t\t\t\t\t\t<\/div>\n\t\t\t\t\t\t\t\t\t<\/div>\n\t\t\t\t\t\t\n\t\t\t\t\t\t\t<div id=\"section-275370b-3\" class=\"gem-tta-panel \" data-vc-content=\".gem-tta-panel-body\">\n\t\t\t\t\t\t\t\t<div class=\"gem-tta-panel-heading\">\n\t\t\t\t\t\t\t\t\t<h4 class=\"gem-tta-panel-title gem-tta-controls-icon-position-left\">\n\t\t\t\t\t\t\t\t\t\t<a href=\"#section-275370b-3\" data-vc-accordion data-vc-container=\".gem-tta-container\">\n\n\t\t\t\t\t\t\t\t\t\t\t\n\t\t\t\t\t\t\t\t\t\t\t<span class=\"gem-tta-title-text\">\n\t\t\t\t\t\t\t\t\t\t\t\tKoliko dugo nakon letovanja treba da pauziram sa retinoidima i kiselinama?\t\t\t\t\t\t\t\t\t\t\t<\/span>\n\n\t\t\t\t\t\t\t\t\t\t\t\n\t\t\t\t\t\t\t\t\t\t\t<span class=\"gem-tta-controls-icon gem-tta-controls-icon-opened\">\n\t\t\t\t\t\t\t\t\t\t\t\t<svg aria-hidden=\"true\" class=\"e-font-icon-svg e-fas-minus\" viewBox=\"0 0 448 512\" xmlns=\"http:\/\/www.w3.org\/2000\/svg\"><path d=\"M416 208H32c-17.67 0-32 14.33-32 32v32c0 17.67 14.33 32 32 32h384c17.67 0 32-14.33 32-32v-32c0-17.67-14.33-32-32-32z\"><\/path><\/svg>\t\t\t\t\t\t\t\t\t\t\t<\/span>\n\t\t\t\t\t\t\t\t\t\t\t<span class=\"gem-tta-controls-icon gem-tta-controls-icon-closed\">\n\t\t\t\t\t\t\t\t\t\t\t\t<svg aria-hidden=\"true\" class=\"e-font-icon-svg e-fas-plus\" viewBox=\"0 0 448 512\" xmlns=\"http:\/\/www.w3.org\/2000\/svg\"><path d=\"M416 208H272V64c0-17.67-14.33-32-32-32h-32c-17.67 0-32 14.33-32 32v144H32c-17.67 0-32 14.33-32 32v32c0 17.67 14.33 32 32 32h144v144c0 17.67 14.33 32 32 32h32c17.67 0 32-14.33 32-32V304h144c17.67 0 32-14.33 32-32v-32c0-17.67-14.33-32-32-32z\"><\/path><\/svg>\t\t\t\t\t\t\t\t\t\t\t<\/span>\n\t\t\t\t\t\t\t\t\t\t<\/a>\n\t\t\t\t\t\t\t\t\t<\/h4>\n\t\t\t\t\t\t\t\t<\/div>\n\t\t\t\t\t\t\t\t<div class=\"gem-tta-panel-body\">\n\t\t\t\t\t\t\t\t\t\t\t<div class=\"gem-text-output\"><p><span style=\"font-weight: 400;\">Sa intenzivnijim aktivnim sastojcima najbolje je sa\u010dekati dok nestanu crvenilo, peckanje i izra\u017eena suvo\u0107a. Ko\u017ea prvo treba da obnovi svoju za\u0161titnu funkciju.<\/span><\/p><p><br style=\"font-weight: 400;\" \/><br style=\"font-weight: 400;\" \/><\/p><\/div>\t\t\t\t\t\t\t\t\t\t<\/div>\n\t\t\t\t\t\t\t\t\t<\/div>\n\t\t\t\t\t\t\n\t\t\t\t\t\t\t<div id=\"section-275370b-4\" class=\"gem-tta-panel \" data-vc-content=\".gem-tta-panel-body\">\n\t\t\t\t\t\t\t\t<div class=\"gem-tta-panel-heading\">\n\t\t\t\t\t\t\t\t\t<h4 class=\"gem-tta-panel-title gem-tta-controls-icon-position-left\">\n\t\t\t\t\t\t\t\t\t\t<a href=\"#section-275370b-4\" data-vc-accordion data-vc-container=\".gem-tta-container\">\n\n\t\t\t\t\t\t\t\t\t\t\t\n\t\t\t\t\t\t\t\t\t\t\t<span class=\"gem-tta-title-text\">\n\t\t\t\t\t\t\t\t\t\t\t\tDa li piling treba raditi odmah po povratku sa mora?\t\t\t\t\t\t\t\t\t\t\t<\/span>\n\n\t\t\t\t\t\t\t\t\t\t\t\n\t\t\t\t\t\t\t\t\t\t\t<span class=\"gem-tta-controls-icon gem-tta-controls-icon-opened\">\n\t\t\t\t\t\t\t\t\t\t\t\t<svg aria-hidden=\"true\" class=\"e-font-icon-svg e-fas-minus\" viewBox=\"0 0 448 512\" xmlns=\"http:\/\/www.w3.org\/2000\/svg\"><path d=\"M416 208H32c-17.67 0-32 14.33-32 32v32c0 17.67 14.33 32 32 32h384c17.67 0 32-14.33 32-32v-32c0-17.67-14.33-32-32-32z\"><\/path><\/svg>\t\t\t\t\t\t\t\t\t\t\t<\/span>\n\t\t\t\t\t\t\t\t\t\t\t<span class=\"gem-tta-controls-icon gem-tta-controls-icon-closed\">\n\t\t\t\t\t\t\t\t\t\t\t\t<svg aria-hidden=\"true\" class=\"e-font-icon-svg e-fas-plus\" viewBox=\"0 0 448 512\" xmlns=\"http:\/\/www.w3.org\/2000\/svg\"><path d=\"M416 208H272V64c0-17.67-14.33-32-32-32h-32c-17.67 0-32 14.33-32 32v144H32c-17.67 0-32 14.33-32 32v32c0 17.67 14.33 32 32 32h144v144c0 17.67 14.33 32 32 32h32c17.67 0 32-14.33 32-32V304h144c17.67 0 32-14.33 32-32v-32c0-17.67-14.33-32-32-32z\"><\/path><\/svg>\t\t\t\t\t\t\t\t\t\t\t<\/span>\n\t\t\t\t\t\t\t\t\t\t<\/a>\n\t\t\t\t\t\t\t\t\t<\/h4>\n\t\t\t\t\t\t\t\t<\/div>\n\t\t\t\t\t\t\t\t<div class=\"gem-tta-panel-body\">\n\t\t\t\t\t\t\t\t\t\t\t<div class=\"gem-text-output\"><p><span style=\"font-weight: 400;\">Ne. Ukoliko je ko\u017ea isu\u0161ena ili osetljiva, agresivni piling mo\u017ee dodatno naru\u0161iti njenu za\u0161titnu barijeru. Prvi korak treba da bude obnova i hidratacija.<\/span><\/p><\/div>\t\t\t\t\t\t\t\t\t\t<\/div>\n\t\t\t\t\t\t\t\t\t<\/div>\n\t\t\t\t\t\t\n\t\t\t\t\t\t\t<div id=\"section-275370b-5\" class=\"gem-tta-panel \" data-vc-content=\".gem-tta-panel-body\">\n\t\t\t\t\t\t\t\t<div class=\"gem-tta-panel-heading\">\n\t\t\t\t\t\t\t\t\t<h4 class=\"gem-tta-panel-title gem-tta-controls-icon-position-left\">\n\t\t\t\t\t\t\t\t\t\t<a href=\"#section-275370b-5\" data-vc-accordion data-vc-container=\".gem-tta-container\">\n\n\t\t\t\t\t\t\t\t\t\t\t\n\t\t\t\t\t\t\t\t\t\t\t<span class=\"gem-tta-title-text\">\n\t\t\t\t\t\t\t\t\t\t\t\tDa li treba nastaviti sa kori\u0161\u0107enjem SPF preparata kada se vratimo sa letovanja?\t\t\t\t\t\t\t\t\t\t\t<\/span>\n\n\t\t\t\t\t\t\t\t\t\t\t\n\t\t\t\t\t\t\t\t\t\t\t<span class=\"gem-tta-controls-icon gem-tta-controls-icon-opened\">\n\t\t\t\t\t\t\t\t\t\t\t\t<svg aria-hidden=\"true\" class=\"e-font-icon-svg e-fas-minus\" viewBox=\"0 0 448 512\" xmlns=\"http:\/\/www.w3.org\/2000\/svg\"><path d=\"M416 208H32c-17.67 0-32 14.33-32 32v32c0 17.67 14.33 32 32 32h384c17.67 0 32-14.33 32-32v-32c0-17.67-14.33-32-32-32z\"><\/path><\/svg>\t\t\t\t\t\t\t\t\t\t\t<\/span>\n\t\t\t\t\t\t\t\t\t\t\t<span class=\"gem-tta-controls-icon gem-tta-controls-icon-closed\">\n\t\t\t\t\t\t\t\t\t\t\t\t<svg aria-hidden=\"true\" class=\"e-font-icon-svg e-fas-plus\" viewBox=\"0 0 448 512\" xmlns=\"http:\/\/www.w3.org\/2000\/svg\"><path d=\"M416 208H272V64c0-17.67-14.33-32-32-32h-32c-17.67 0-32 14.33-32 32v144H32c-17.67 0-32 14.33-32 32v32c0 17.67 14.33 32 32 32h144v144c0 17.67 14.33 32 32 32h32c17.67 0 32-14.33 32-32V304h144c17.67 0 32-14.33 32-32v-32c0-17.67-14.33-32-32-32z\"><\/path><\/svg>\t\t\t\t\t\t\t\t\t\t\t<\/span>\n\t\t\t\t\t\t\t\t\t\t<\/a>\n\t\t\t\t\t\t\t\t\t<\/h4>\n\t\t\t\t\t\t\t\t<\/div>\n\t\t\t\t\t\t\t\t<div class=\"gem-tta-panel-body\">\n\t\t\t\t\t\t\t\t\t\t\t<div class=\"gem-text-output\"><p><span style=\"font-weight: 400;\">Da. UV zra\u010denje prisutno je tokom cele godine, pa za\u0161tita od sunca ostaje va\u017ean deo svakodnevne nege i nakon zavr\u0161etka godi\u0161njeg odmora.<\/span><\/p><\/div>\t\t\t\t\t\t\t\t\t\t<\/div>\n\t\t\t\t\t\t\t\t\t<\/div>\n\t\t\t\t\t\t\n\t\t\t\t\t\t\t\t\t\t\t\t\t<script type=\"application\/ld+json\">{\"@context\": \"https:\/\/schema.org\",\"@type\": \"FAQPage\",\"mainEntity\": [{\"@type\": \"Question\",\"name\": \"Koliko traje oporavak ko\u017ee nakon letovanja?\",\"acceptedAnswer\": {\"@type\": \"Answer\",\"text\": \"<p><span style=\\\"font-weight: 400;\\\">Kod ve\\u0107ine osoba prvi znaci pobolj\\u0161anja vide se nakon nekoliko dana pravilne nege, dok potpuna obnova za\\u0161titne barijere mo\\u017ee trajati nekoliko nedelja, u zavisnosti od stepena o\\u0161te\\u0107enja.<\\\/span><\\\/p>\"}},{\"@type\": \"Question\",\"name\": \"Da li je dovoljno koristiti samo pantenol za oporavak ko\u017ee?\",\"acceptedAnswer\": {\"@type\": \"Answer\",\"text\": \"<p><span style=\\\"font-weight: 400;\\\">Pantenol mo\\u017ee pomo\\u0107i umirivanju ko\\u017ee nakon sun\\u010danja, ali je za potpuni oporavak \\u010desto potrebno kombinovati preparate koji obnavljaju za\\u0161titnu barijeru i doprinose zadr\\u017eavanju vlage.<\\\/span><\\\/p>\"}},{\"@type\": \"Question\",\"name\": \"Koliko dugo nakon letovanja treba da pauziram sa retinoidima i kiselinama?\",\"acceptedAnswer\": {\"@type\": \"Answer\",\"text\": \"<p><span style=\\\"font-weight: 400;\\\">Sa intenzivnijim aktivnim sastojcima najbolje je sa\\u010dekati dok nestanu crvenilo, peckanje i izra\\u017eena suvo\\u0107a. Ko\\u017ea prvo treba da obnovi svoju za\\u0161titnu funkciju.<\\\/span><\\\/p><p><br style=\\\"font-weight: 400;\\\" \\\/><br style=\\\"font-weight: 400;\\\" \\\/><\\\/p>\"}},{\"@type\": \"Question\",\"name\": \"Da li piling treba raditi odmah po povratku sa mora?\",\"acceptedAnswer\": {\"@type\": \"Answer\",\"text\": \"<p><span style=\\\"font-weight: 400;\\\">Ne. Ukoliko je ko\\u017ea isu\\u0161ena ili osetljiva, agresivni piling mo\\u017ee dodatno naru\\u0161iti njenu za\\u0161titnu barijeru. Prvi korak treba da bude obnova i hidratacija.<\\\/span><\\\/p>\"}},{\"@type\": \"Question\",\"name\": \"Da li treba nastaviti sa kori\u0161\u0107enjem SPF preparata kada se vratimo sa letovanja?\",\"acceptedAnswer\": {\"@type\": \"Answer\",\"text\": \"<p><span style=\\\"font-weight: 400;\\\">Da. UV zra\\u010denje prisutno je tokom cele godine, pa za\\u0161tita od sunca ostaje va\\u017ean deo svakodnevne nege i nakon zavr\\u0161etka godi\\u0161njeg odmora.<\\\/span><\\\/p>\"}}]}<\/script>\n\t\t\t\t\t\t\t\t\t\t\t<\/div>\n\t\t\t\t<\/div>\n\t\t\t<\/div>\n\t\t<\/div>\n\n\t\t\t\t\t\t<\/div>\n\t\t\t\t<\/div>\n\t\t\t\t<\/div>\n\t\t\t\t<\/div>\n\t\t","protected":false},"excerpt":{"rendered":"<p>Po zavr\u0161etku letovanja mnogi prime\u0107uju da njihova ko\u017ea vi\u0161e nije ista. Postala je grublja, zategnuta, osetljivija, mo\u017eda je \u010dak izgubila&#8230;<\/p>","protected":false},"author":3,"featured_media":8940,"comment_status":"closed","ping_status":"open","sticky":false,"template":"","format":"standard","meta":{"slim_seo":{"title":"Kako obnoviti ko\u017eu nakon sun\u010danja i letovanja? Saveti dermatologa","description":"Ko\u017ea nakon leta \u010desto postaje suva, osetljiva i dehidrirana. Saznajte kako pravilno obnoviti ko\u017enu barijeru posle sun\u010danja, mora i bazena i koje gre\u0161ke treba izbegavati."},"footnotes":""},"categories":[74,139,166,124],"tags":[],"class_list":["post-8922","post","type-post","status-publish","format-standard","has-post-thumbnail","category-dr-kozarev","category-nega-lica","category-obnova-kozne-barijere","category-spf"],"menu_order":0,"_links":{"self":[{"href":"https:\/\/drkozarevcosmedics.com\/en\/wp-json\/wp\/v2\/posts\/8922","targetHints":{"allow":["GET"]}}],"collection":[{"href":"https:\/\/drkozarevcosmedics.com\/en\/wp-json\/wp\/v2\/posts"}],"about":[{"href":"https:\/\/drkozarevcosmedics.com\/en\/wp-json\/wp\/v2\/types\/post"}],"author":[{"embeddable":true,"href":"https:\/\/drkozarevcosmedics.com\/en\/wp-json\/wp\/v2\/users\/3"}],"replies":[{"embeddable":true,"href":"https:\/\/drkozarevcosmedics.com\/en\/wp-json\/wp\/v2\/comments?post=8922"}],"version-history":[{"count":17,"href":"https:\/\/drkozarevcosmedics.com\/en\/wp-json\/wp\/v2\/posts\/8922\/revisions"}],"predecessor-version":[{"id":8942,"href":"https:\/\/drkozarevcosmedics.com\/en\/wp-json\/wp\/v2\/posts\/8922\/revisions\/8942"}],"wp:featuredmedia":[{"embeddable":true,"href":"https:\/\/drkozarevcosmedics.com\/en\/wp-json\/wp\/v2\/media\/8940"}],"wp:attachment":[{"href":"https:\/\/drkozarevcosmedics.com\/en\/wp-json\/wp\/v2\/media?parent=8922"}],"wp:term":[{"taxonomy":"category","embeddable":true,"href":"https:\/\/drkozarevcosmedics.com\/en\/wp-json\/wp\/v2\/categories?post=8922"},{"taxonomy":"post_tag","embeddable":true,"href":"https:\/\/drkozarevcosmedics.com\/en\/wp-json\/wp\/v2\/tags?post=8922"}],"curies":[{"name":"wp","href":"https:\/\/api.w.org\/{rel}","templated":true}]}}